[{"@context":"https:\/\/schema.org\/","@type":"Article","@id":"https:\/\/www.adpp.cz\/preprava-nakladu-v-osobnim-aute\/#Article","mainEntityOfPage":"https:\/\/www.adpp.cz\/preprava-nakladu-v-osobnim-aute\/","headline":"P\u0159eprava n\u00e1kladu v osobn\u00edm aut\u011b","name":"P\u0159eprava n\u00e1kladu v osobn\u00edm aut\u011b","description":"\u010casto pot\u0159ebujeme p\u0159epravit v\u011bt\u0161\u00ed n\u00e1klad, p\u0159i\u010dem\u017e v\u011bt\u0161inou se d\u00e1 p\u0159ev\u00e9st v osobn\u00edm aut\u011b. Pokud ani","datePublished":"2021-06-16","dateModified":"2021-06-16","author":{"@type":"Person","@id":"https:\/\/www.adpp.cz\/author\/#Person","name":"","url":"https:\/\/www.adpp.cz\/author\/","identifier":1,"image":{"@type":"ImageObject","@id":"https:\/\/secure.gravatar.com\/avatar\/7b7a3ac09da7f6a75c5f1ebec5be454c22943a51b9f5595d89318ef09bd44dd1?s=96&d=mm&r=g","url":"https:\/\/secure.gravatar.com\/avatar\/7b7a3ac09da7f6a75c5f1ebec5be454c22943a51b9f5595d89318ef09bd44dd1?s=96&d=mm&r=g","height":96,"width":96}},"publisher":{"@type":"Organization","name":"adpp.cz","logo":{"@type":"ImageObject","@id":"\/logo.png","url":"\/logo.png","width":600,"height":60}},"image":{"@type":"ImageObject","@id":"https:\/\/www.adpp.cz\/wp-content\/uploads\/p%C5%99%C3%ADv%C4%9Bs%20za%20auto_1.jpg","url":"https:\/\/www.adpp.cz\/wp-content\/uploads\/p%C5%99%C3%ADv%C4%9Bs%20za%20auto_1.jpg","height":0,"width":0},"url":"https:\/\/www.adpp.cz\/preprava-nakladu-v-osobnim-aute\/","about":["N\u00e1kupy"],"wordCount":476,"articleBody":"              \u010casto pot\u0159ebujeme p\u0159epravit v\u011bt\u0161\u00ed n\u00e1klad, p\u0159i\u010dem\u017e v\u011bt\u0161inou se d\u00e1 p\u0159ev\u00e9st v osobn\u00edm aut\u011b. Pokud ani to nesta\u010d\u00ed, tak potom se vyplat\u00ed p\u0159\u00edv\u011bsn\u00fd voz\u00edk. P\u0159eprava n\u00e1kladu v osobn\u00edm aut\u011b Upevn\u011bn\u00ed a bezpe\u010dnost Velk\u00e1 \u010d\u00e1st rodin m\u00e1 osobn\u00ed automobil, a proto je \u010dasto volen\u00fd pro p\u0159epravu v\u0161eho mo\u017en\u00e9ho. Kufr pojme t\u0159eba rodinn\u00fd n\u00e1kup, ale kdy\u017e budeme cht\u00edt v\u00e9st nap\u0159\u00edklad v\u011bt\u0161\u00ed mno\u017estv\u00ed stavebn\u00edho materi\u00e1lu, tak budeme muset sklopit zadn\u00ed seda\u010dky, \u010d\u00edm\u017e vznikne mnohem v\u00edce prostoru. Prvn\u00ed v\u011bc, kterou mus\u00edme sledovat je zat\u00ed\u017een\u00ed, proto\u017ee do oby\u010dejn\u00e9ho auta nem\u016f\u017eeme do kufru hodit stovky kilo. Jednak ud\u00e1v\u00e1 maxim\u00e1ln\u00ed zat\u00ed\u017een\u00ed v\u00fdrobce a neprosp\u011blo by to ani zadn\u00ed n\u00e1prav\u011b.  N\u00e1klad se sna\u017ete rozm\u00edstit pravideln\u011b, aby t\u0159eba nebyla zbyte\u010dn\u011b v\u00edce zat\u00ed\u017een\u00e1 jedna strana. Velmi d\u016fle\u017eit\u00e9 je upevn\u011bn\u00ed n\u00e1kladu, proto\u017ee p\u0159i nehod\u011b by mohl v\u00e1\u017en\u011b zranit cestuj\u00edc\u00ed, na co\u017e mus\u00edme v\u017edy pamatovat. V \u0159ad\u011b kufrech jsou oka, p\u0159es kter\u00e9 m\u016f\u017eeme n\u00e1klad sv\u00e1zat, aby dr\u017eel na sv\u00e9m m\u00edst\u011b. U dlouh\u00fdch p\u0159edm\u011bt\u016f, kter\u00e9 se nevlezou dovnit\u0159 je dobr\u00e9 zvolit st\u0159e\u0161n\u00ed nosi\u010de. Jestli\u017ee p\u0159edm\u011bt p\u0159esahuje d\u00e9lku auta, tak jeho konec mus\u00edme \u0159\u00e1dn\u011b ozna\u010dit \u010derven\u00fdm praporkem. P\u0159\u00edv\u011bsn\u00fd voz\u00edk V\u011bt\u0161\u00ed n\u00e1klad n\u011bkdy ani nem\u00e1 cenu se pokou\u0161et nacpat do auta, tak\u017ee tudy cesta rozhodn\u011b nevede, p\u0159i\u010dem\u017e mus\u00edme si poradit jinak. Tento probl\u00e9m se d\u00e1 obej\u00edt tak, \u017ee vyu\u017eijeme p\u0159\u00edv\u011bsn\u00e9ho voz\u00edku, proto\u017ee do n\u011bj v\u0161e pohodln\u011b nalo\u017e\u00edte, a to klidn\u011b i sypk\u00fd materi\u00e1l. S \u0159idi\u010dsk\u00fdm opr\u00e1vn\u011bn\u00edm B m\u016f\u017eeme klidn\u011b t\u00e1hnout nebr\u017ed\u011bn\u00fd p\u0159\u00edv\u011bs o hmotnosti 750 kg, co\u017e u\u017e je opravdu slu\u0161n\u00e1 hmotnost. Abychom p\u0159\u00edv\u011bsn\u00fd voz\u00edk mohli bezpe\u010dn\u011b t\u00e1hnout, tak pot\u0159ebujeme bezpe\u010dn\u00e9 ta\u017en\u00e9 za\u0159\u00edzen\u00ed.   Nab\u00eddka je opravdu velmi \u0161irok\u00e1, tak\u017ee v n\u00ed jist\u011b najdete ide\u00e1ln\u00ed ta\u017en\u00e9 za\u0159\u00edzen\u00ed i pro V\u00e1\u0161 v\u016fz. Ka\u017ed\u00fd produkt je individu\u00e1ln\u011b vyr\u00e1b\u011bn pro dan\u00fd model auta, aby na n\u011bj p\u0159esn\u011b sed\u011bl a mohl b\u00fdt ofici\u00e1ln\u00ed cestou zaps\u00e1n v technick\u00e9m pr\u016fkazu po dodate\u010dn\u00e9 mont\u00e1\u017ei, proto\u017ee bez toho bychom nepro\u0161li STK. Instalac\u00ed se zab\u00fdv\u00e1 mnoho servis\u016f po cel\u00e9 republice, tak\u017ee s mont\u00e1\u017e\u00ed od profesion\u00e1l\u016f nen\u00ed \u017e\u00e1dn\u00fd probl\u00e9m. Potom sta\u010d\u00ed u\u017e jen sko\u010dit na \u00fa\u0159ad.                                                                                                                                                                                                                                                                                                                                                                                          4.2\/5 - (11 votes)        "},{"@context":"https:\/\/schema.org\/","@type":"BreadcrumbList","itemListElement":[{"@type":"ListItem","position":1,"name":"P\u0159eprava n\u00e1kladu v osobn\u00edm aut\u011b","item":"https:\/\/www.adpp.cz\/preprava-nakladu-v-osobnim-aute\/#breadcrumbitem"}]}]