[{"@context":"https:\/\/schema.org\/","@type":"Blog","@id":"https:\/\/www.adpp.cz#Blog","headline":"Adpp","description":"\nNeda\u0159\u00ed se v\u00e1m prorazit v podnik\u00e1n\u00ed a nem\u00e1te na r\u016f\u017e\u00edch ustl\u00e1no? Pak nen\u00ed vylou\u010deno, \u017ee je tomu tak i proto, \u017ee jste se zapomn\u011bli prezentovat u n\u00e1s.","url":"https:\/\/www.adpp.cz","hasPart":[{"@type":"Article","@id":"https:\/\/www.adpp.cz\/zvolte-si-spravne-ubytovani\/","headline":"Zvolte si spr\u00e1vn\u00e9 ubytov\u00e1n\u00ed","url":"https:\/\/www.adpp.cz\/zvolte-si-spravne-ubytovani\/","datePublished":"2024-10-20","dateModified":"2024-10-20","mainEntityOfPage":"https:\/\/www.adpp.cz\/zvolte-si-spravne-ubytovani\/","author":{"@type":"Person","@id":"https:\/\/www.adpp.cz\/author\/#Person","name":"","url":"https:\/\/www.adpp.cz\/author\/","identifier":1,"image":{"@type":"ImageObject","@id":"https:\/\/secure.gravatar.com\/avatar\/7b7a3ac09da7f6a75c5f1ebec5be454c22943a51b9f5595d89318ef09bd44dd1?s=96&d=mm&r=g","url":"https:\/\/secure.gravatar.com\/avatar\/7b7a3ac09da7f6a75c5f1ebec5be454c22943a51b9f5595d89318ef09bd44dd1?s=96&d=mm&r=g","height":96,"width":96}},"publisher":{"@type":"Organization","name":"adpp.cz","logo":{"@type":"ImageObject","@id":"\/logo.png","url":"\/logo.png","width":600,"height":60}},"image":null,"wordCount":237,"keywords":null},{"@type":"Article","@id":"https:\/\/www.adpp.cz\/vymente-letni-saty-za-podzimni-v-obchode-medicine\/","headline":"Vym\u011b\u0148te letn\u00ed \u0161aty za podzimn\u00ed v obchod\u011b MEDICINE","url":"https:\/\/www.adpp.cz\/vymente-letni-saty-za-podzimni-v-obchode-medicine\/","datePublished":"2024-09-23","dateModified":"2024-09-23","mainEntityOfPage":"https:\/\/www.adpp.cz\/vymente-letni-saty-za-podzimni-v-obchode-medicine\/","author":{"@type":"Person","@id":"https:\/\/www.adpp.cz\/author\/#Person","name":"","url":"https:\/\/www.adpp.cz\/author\/","identifier":1,"image":{"@type":"ImageObject","@id":"https:\/\/secure.gravatar.com\/avatar\/7b7a3ac09da7f6a75c5f1ebec5be454c22943a51b9f5595d89318ef09bd44dd1?s=96&d=mm&r=g","url":"https:\/\/secure.gravatar.com\/avatar\/7b7a3ac09da7f6a75c5f1ebec5be454c22943a51b9f5595d89318ef09bd44dd1?s=96&d=mm&r=g","height":96,"width":96}},"publisher":{"@type":"Organization","name":"adpp.cz","logo":{"@type":"ImageObject","@id":"\/logo.png","url":"\/logo.png","width":600,"height":60}},"image":{"@type":"ImageObject","@id":"https:\/\/www.adpp.cz\/wp-content\/uploads\/saty_nMAHNV.png","url":"https:\/\/www.adpp.cz\/wp-content\/uploads\/saty_nMAHNV.png","height":0,"width":0},"wordCount":722,"keywords":null},{"@type":"Article","@id":"https:\/\/www.adpp.cz\/vyhody-prodlouzeni-vlasu\/","headline":"V\u00fdhody prodlou\u017een\u00ed vlas\u016f","url":"https:\/\/www.adpp.cz\/vyhody-prodlouzeni-vlasu\/","datePublished":"2024-08-22","dateModified":"2024-08-22","mainEntityOfPage":"https:\/\/www.adpp.cz\/vyhody-prodlouzeni-vlasu\/","author":{"@type":"Person","@id":"https:\/\/www.adpp.cz\/author\/#Person","name":"","url":"https:\/\/www.adpp.cz\/author\/","identifier":1,"image":{"@type":"ImageObject","@id":"https:\/\/secure.gravatar.com\/avatar\/7b7a3ac09da7f6a75c5f1ebec5be454c22943a51b9f5595d89318ef09bd44dd1?s=96&d=mm&r=g","url":"https:\/\/secure.gravatar.com\/avatar\/7b7a3ac09da7f6a75c5f1ebec5be454c22943a51b9f5595d89318ef09bd44dd1?s=96&d=mm&r=g","height":96,"width":96}},"publisher":{"@type":"Organization","name":"adpp.cz","logo":{"@type":"ImageObject","@id":"\/logo.png","url":"\/logo.png","width":600,"height":60}},"image":{"@type":"ImageObject","@id":"https:\/\/www.adpp.cz\/wp-content\/uploads\/kareya-saleh-tLKOj6cNwe0-unsplash.jpg","url":"https:\/\/www.adpp.cz\/wp-content\/uploads\/kareya-saleh-tLKOj6cNwe0-unsplash.jpg","height":0,"width":0},"wordCount":767,"keywords":null},{"@type":"Article","@id":"https:\/\/www.adpp.cz\/upraveny-travnik\/","headline":"Upraven\u00fd tr\u00e1vn\u00edk","url":"https:\/\/www.adpp.cz\/upraveny-travnik\/","datePublished":"2024-05-22","dateModified":"2024-05-22","mainEntityOfPage":"https:\/\/www.adpp.cz\/upraveny-travnik\/","author":{"@type":"Person","@id":"https:\/\/www.adpp.cz\/author\/#Person","name":"","url":"https:\/\/www.adpp.cz\/author\/","identifier":1,"image":{"@type":"ImageObject","@id":"https:\/\/secure.gravatar.com\/avatar\/7b7a3ac09da7f6a75c5f1ebec5be454c22943a51b9f5595d89318ef09bd44dd1?s=96&d=mm&r=g","url":"https:\/\/secure.gravatar.com\/avatar\/7b7a3ac09da7f6a75c5f1ebec5be454c22943a51b9f5595d89318ef09bd44dd1?s=96&d=mm&r=g","height":96,"width":96}},"publisher":{"@type":"Organization","name":"adpp.cz","logo":{"@type":"ImageObject","@id":"\/logo.png","url":"\/logo.png","width":600,"height":60}},"image":{"@type":"ImageObject","@id":"https:\/\/www.adpp.cz\/wp-content\/uploads\/lawn-6999709_1280_1.png","url":"https:\/\/www.adpp.cz\/wp-content\/uploads\/lawn-6999709_1280_1.png","height":0,"width":0},"wordCount":510,"keywords":null},{"@type":"Article","@id":"https:\/\/www.adpp.cz\/misto-bylin-leky\/","headline":"M\u00edsto bylin l\u00e9ky?","url":"https:\/\/www.adpp.cz\/misto-bylin-leky\/","datePublished":"2024-05-12","dateModified":"2024-05-12","mainEntityOfPage":"https:\/\/www.adpp.cz\/misto-bylin-leky\/","author":{"@type":"Person","@id":"https:\/\/www.adpp.cz\/author\/#Person","name":"","url":"https:\/\/www.adpp.cz\/author\/","identifier":1,"image":{"@type":"ImageObject","@id":"https:\/\/secure.gravatar.com\/avatar\/7b7a3ac09da7f6a75c5f1ebec5be454c22943a51b9f5595d89318ef09bd44dd1?s=96&d=mm&r=g","url":"https:\/\/secure.gravatar.com\/avatar\/7b7a3ac09da7f6a75c5f1ebec5be454c22943a51b9f5595d89318ef09bd44dd1?s=96&d=mm&r=g","height":96,"width":96}},"publisher":{"@type":"Organization","name":"adpp.cz","logo":{"@type":"ImageObject","@id":"\/logo.png","url":"\/logo.png","width":600,"height":60}},"image":{"@type":"ImageObject","@id":"https:\/\/www.adpp.cz\/wp-content\/uploads\/drug-1674890_640.png","url":"https:\/\/www.adpp.cz\/wp-content\/uploads\/drug-1674890_640.png","height":0,"width":0},"wordCount":699,"keywords":null},{"@type":"Article","@id":"https:\/\/www.adpp.cz\/specialista-na-rekonstrukce-bytoveho-jadra-vam-pomuze\/","headline":"Specialista na rekonstrukce bytov\u00e9ho j\u00e1dra v\u00e1m pom\u016f\u017ee","url":"https:\/\/www.adpp.cz\/specialista-na-rekonstrukce-bytoveho-jadra-vam-pomuze\/","datePublished":"2024-04-30","dateModified":"2024-04-30","mainEntityOfPage":"https:\/\/www.adpp.cz\/specialista-na-rekonstrukce-bytoveho-jadra-vam-pomuze\/","author":{"@type":"Person","@id":"https:\/\/www.adpp.cz\/author\/#Person","name":"","url":"https:\/\/www.adpp.cz\/author\/","identifier":1,"image":{"@type":"ImageObject","@id":"https:\/\/secure.gravatar.com\/avatar\/7b7a3ac09da7f6a75c5f1ebec5be454c22943a51b9f5595d89318ef09bd44dd1?s=96&d=mm&r=g","url":"https:\/\/secure.gravatar.com\/avatar\/7b7a3ac09da7f6a75c5f1ebec5be454c22943a51b9f5595d89318ef09bd44dd1?s=96&d=mm&r=g","height":96,"width":96}},"publisher":{"@type":"Organization","name":"adpp.cz","logo":{"@type":"ImageObject","@id":"\/logo.png","url":"\/logo.png","width":600,"height":60}},"image":null,"wordCount":235,"keywords":null},{"@type":"Article","@id":"https:\/\/www.adpp.cz\/k-jejich-rizeni-vam-postaci-ridicsky-prukaz-skupiny-b\/","headline":"K jejich \u0159\u00edzen\u00ed v\u00e1m posta\u010d\u00ed \u0159idi\u010dsk\u00fd pr\u016fkaz skupiny \u201eB\u201c","url":"https:\/\/www.adpp.cz\/k-jejich-rizeni-vam-postaci-ridicsky-prukaz-skupiny-b\/","datePublished":"2024-04-26","dateModified":"2024-04-26","mainEntityOfPage":"https:\/\/www.adpp.cz\/k-jejich-rizeni-vam-postaci-ridicsky-prukaz-skupiny-b\/","author":{"@type":"Person","@id":"https:\/\/www.adpp.cz\/author\/#Person","name":"","url":"https:\/\/www.adpp.cz\/author\/","identifier":1,"image":{"@type":"ImageObject","@id":"https:\/\/secure.gravatar.com\/avatar\/7b7a3ac09da7f6a75c5f1ebec5be454c22943a51b9f5595d89318ef09bd44dd1?s=96&d=mm&r=g","url":"https:\/\/secure.gravatar.com\/avatar\/7b7a3ac09da7f6a75c5f1ebec5be454c22943a51b9f5595d89318ef09bd44dd1?s=96&d=mm&r=g","height":96,"width":96}},"publisher":{"@type":"Organization","name":"adpp.cz","logo":{"@type":"ImageObject","@id":"\/logo.png","url":"\/logo.png","width":600,"height":60}},"image":null,"wordCount":213,"keywords":null},{"@type":"Article","@id":"https:\/\/www.adpp.cz\/udelejte-si-tyden-volno\/","headline":"Ud\u011blejte si t\u00fdden volno","url":"https:\/\/www.adpp.cz\/udelejte-si-tyden-volno\/","datePublished":"2024-04-20","dateModified":"2024-04-20","mainEntityOfPage":"https:\/\/www.adpp.cz\/udelejte-si-tyden-volno\/","author":{"@type":"Person","@id":"https:\/\/www.adpp.cz\/author\/#Person","name":"","url":"https:\/\/www.adpp.cz\/author\/","identifier":1,"image":{"@type":"ImageObject","@id":"https:\/\/secure.gravatar.com\/avatar\/7b7a3ac09da7f6a75c5f1ebec5be454c22943a51b9f5595d89318ef09bd44dd1?s=96&d=mm&r=g","url":"https:\/\/secure.gravatar.com\/avatar\/7b7a3ac09da7f6a75c5f1ebec5be454c22943a51b9f5595d89318ef09bd44dd1?s=96&d=mm&r=g","height":96,"width":96}},"publisher":{"@type":"Organization","name":"adpp.cz","logo":{"@type":"ImageObject","@id":"\/logo.png","url":"\/logo.png","width":600,"height":60}},"image":null,"wordCount":283,"keywords":null},{"@type":"Article","@id":"https:\/\/www.adpp.cz\/jak-nejcasteji-vypadaji-promocni-klicenky-na-krk\/","headline":"Jak nej\u010dast\u011bji vypadaj\u00ed promo\u010dn\u00ed kl\u00ed\u010denky na krk","url":"https:\/\/www.adpp.cz\/jak-nejcasteji-vypadaji-promocni-klicenky-na-krk\/","datePublished":"2024-04-13","dateModified":"2024-04-13","mainEntityOfPage":"https:\/\/www.adpp.cz\/jak-nejcasteji-vypadaji-promocni-klicenky-na-krk\/","author":{"@type":"Person","@id":"https:\/\/www.adpp.cz\/author\/#Person","name":"","url":"https:\/\/www.adpp.cz\/author\/","identifier":1,"image":{"@type":"ImageObject","@id":"https:\/\/secure.gravatar.com\/avatar\/7b7a3ac09da7f6a75c5f1ebec5be454c22943a51b9f5595d89318ef09bd44dd1?s=96&d=mm&r=g","url":"https:\/\/secure.gravatar.com\/avatar\/7b7a3ac09da7f6a75c5f1ebec5be454c22943a51b9f5595d89318ef09bd44dd1?s=96&d=mm&r=g","height":96,"width":96}},"publisher":{"@type":"Organization","name":"adpp.cz","logo":{"@type":"ImageObject","@id":"\/logo.png","url":"\/logo.png","width":600,"height":60}},"image":{"@type":"ImageObject","@id":"https:\/\/www.adpp.cz\/wp-content\/uploads\/klicenka6_1.jpg","url":"https:\/\/www.adpp.cz\/wp-content\/uploads\/klicenka6_1.jpg","height":0,"width":0},"wordCount":602,"keywords":null},{"@type":"Article","@id":"https:\/\/www.adpp.cz\/nejenom-zlodeji\/","headline":"Nejenom zlod\u011bji","url":"https:\/\/www.adpp.cz\/nejenom-zlodeji\/","datePublished":"2024-04-11","dateModified":"2024-04-11","mainEntityOfPage":"https:\/\/www.adpp.cz\/nejenom-zlodeji\/","author":{"@type":"Person","@id":"https:\/\/www.adpp.cz\/author\/#Person","name":"","url":"https:\/\/www.adpp.cz\/author\/","identifier":1,"image":{"@type":"ImageObject","@id":"https:\/\/secure.gravatar.com\/avatar\/7b7a3ac09da7f6a75c5f1ebec5be454c22943a51b9f5595d89318ef09bd44dd1?s=96&d=mm&r=g","url":"https:\/\/secure.gravatar.com\/avatar\/7b7a3ac09da7f6a75c5f1ebec5be454c22943a51b9f5595d89318ef09bd44dd1?s=96&d=mm&r=g","height":96,"width":96}},"publisher":{"@type":"Organization","name":"adpp.cz","logo":{"@type":"ImageObject","@id":"\/logo.png","url":"\/logo.png","width":600,"height":60}},"image":null,"wordCount":297,"keywords":null}]},{"@context":"https:\/\/schema.org","@type":"WebSite","@id":"https:\/\/www.adpp.cz\/#website","name":"Adpp","url":"https:\/\/www.adpp.cz","potentialAction":{"@type":"SearchAction","target":"https:\/\/www.adpp.cz\/?s={search_term_string}","query-input":"required name=search_term_string"}}]