[{"@context":"https:\/\/schema.org\/","@type":"Blog","@id":"https:\/\/www.adpp.cz#Blog","headline":"Adpp","description":"\nNeda\u0159\u00ed se v\u00e1m prorazit v podnik\u00e1n\u00ed a nem\u00e1te na r\u016f\u017e\u00edch ustl\u00e1no? Pak nen\u00ed vylou\u010deno, \u017ee je tomu tak i proto, \u017ee jste se zapomn\u011bli prezentovat u n\u00e1s.","url":"https:\/\/www.adpp.cz","hasPart":[{"@type":"Article","@id":"https:\/\/www.adpp.cz\/kvalitni-kuchyne\/","headline":"Kvalitn\u00ed kuchyn\u011b","url":"https:\/\/www.adpp.cz\/kvalitni-kuchyne\/","datePublished":"2024-01-06","dateModified":"2024-01-06","mainEntityOfPage":"https:\/\/www.adpp.cz\/kvalitni-kuchyne\/","author":{"@type":"Person","@id":"https:\/\/www.adpp.cz\/author\/#Person","name":"","url":"https:\/\/www.adpp.cz\/author\/","identifier":1,"image":{"@type":"ImageObject","@id":"https:\/\/secure.gravatar.com\/avatar\/7b7a3ac09da7f6a75c5f1ebec5be454c22943a51b9f5595d89318ef09bd44dd1?s=96&d=mm&r=g","url":"https:\/\/secure.gravatar.com\/avatar\/7b7a3ac09da7f6a75c5f1ebec5be454c22943a51b9f5595d89318ef09bd44dd1?s=96&d=mm&r=g","height":96,"width":96}},"publisher":{"@type":"Organization","name":"adpp.cz","logo":{"@type":"ImageObject","@id":"\/logo.png","url":"\/logo.png","width":600,"height":60}},"image":null,"wordCount":281,"keywords":null},{"@type":"Article","@id":"https:\/\/www.adpp.cz\/o-lodich-bazar-slysite-poprve-ale-jste-velmi-prijemne-prekvapen\/","headline":"O lod\u00edch bazar sly\u0161\u00edte poprv\u00e9, ale jste velmi p\u0159\u00edjemn\u011b p\u0159ekvapen","url":"https:\/\/www.adpp.cz\/o-lodich-bazar-slysite-poprve-ale-jste-velmi-prijemne-prekvapen\/","datePublished":"2023-11-30","dateModified":"2023-11-30","mainEntityOfPage":"https:\/\/www.adpp.cz\/o-lodich-bazar-slysite-poprve-ale-jste-velmi-prijemne-prekvapen\/","author":{"@type":"Person","@id":"https:\/\/www.adpp.cz\/author\/#Person","name":"","url":"https:\/\/www.adpp.cz\/author\/","identifier":1,"image":{"@type":"ImageObject","@id":"https:\/\/secure.gravatar.com\/avatar\/7b7a3ac09da7f6a75c5f1ebec5be454c22943a51b9f5595d89318ef09bd44dd1?s=96&d=mm&r=g","url":"https:\/\/secure.gravatar.com\/avatar\/7b7a3ac09da7f6a75c5f1ebec5be454c22943a51b9f5595d89318ef09bd44dd1?s=96&d=mm&r=g","height":96,"width":96}},"publisher":{"@type":"Organization","name":"adpp.cz","logo":{"@type":"ImageObject","@id":"\/logo.png","url":"\/logo.png","width":600,"height":60}},"image":null,"wordCount":302,"keywords":null},{"@type":"Article","@id":"https:\/\/www.adpp.cz\/oznameni-na-vasi-svatbu\/","headline":"Ozn\u00e1men\u00ed na va\u0161i svatbu","url":"https:\/\/www.adpp.cz\/oznameni-na-vasi-svatbu\/","datePublished":"2023-11-20","dateModified":"2024-01-16","mainEntityOfPage":"https:\/\/www.adpp.cz\/oznameni-na-vasi-svatbu\/","author":{"@type":"Person","@id":"https:\/\/www.adpp.cz\/author\/#Person","name":"","url":"https:\/\/www.adpp.cz\/author\/","identifier":1,"image":{"@type":"ImageObject","@id":"https:\/\/secure.gravatar.com\/avatar\/7b7a3ac09da7f6a75c5f1ebec5be454c22943a51b9f5595d89318ef09bd44dd1?s=96&d=mm&r=g","url":"https:\/\/secure.gravatar.com\/avatar\/7b7a3ac09da7f6a75c5f1ebec5be454c22943a51b9f5595d89318ef09bd44dd1?s=96&d=mm&r=g","height":96,"width":96}},"publisher":{"@type":"Organization","name":"adpp.cz","logo":{"@type":"ImageObject","@id":"\/logo.png","url":"\/logo.png","width":600,"height":60}},"image":{"@type":"ImageObject","@id":"https:\/\/www.adpp.cz\/wp-content\/uploads\/bouquet-2563485_1280.jpg","url":"https:\/\/www.adpp.cz\/wp-content\/uploads\/bouquet-2563485_1280.jpg","height":0,"width":0},"wordCount":546,"keywords":null},{"@type":"Article","@id":"https:\/\/www.adpp.cz\/nekdy-to-nejde-bez-ostrahy-objektu\/","headline":"N\u011bkdy to nejde bez ostrahy objektu","url":"https:\/\/www.adpp.cz\/nekdy-to-nejde-bez-ostrahy-objektu\/","datePublished":"2023-10-22","dateModified":"2023-10-22","mainEntityOfPage":"https:\/\/www.adpp.cz\/nekdy-to-nejde-bez-ostrahy-objektu\/","author":{"@type":"Person","@id":"https:\/\/www.adpp.cz\/author\/#Person","name":"","url":"https:\/\/www.adpp.cz\/author\/","identifier":1,"image":{"@type":"ImageObject","@id":"https:\/\/secure.gravatar.com\/avatar\/7b7a3ac09da7f6a75c5f1ebec5be454c22943a51b9f5595d89318ef09bd44dd1?s=96&d=mm&r=g","url":"https:\/\/secure.gravatar.com\/avatar\/7b7a3ac09da7f6a75c5f1ebec5be454c22943a51b9f5595d89318ef09bd44dd1?s=96&d=mm&r=g","height":96,"width":96}},"publisher":{"@type":"Organization","name":"adpp.cz","logo":{"@type":"ImageObject","@id":"\/logo.png","url":"\/logo.png","width":600,"height":60}},"image":null,"wordCount":272,"keywords":null},{"@type":"Article","@id":"https:\/\/www.adpp.cz\/nevnimejte-to-jako-obycejne-a-nudne-veci\/","headline":"Nevn\u00edmejte to jako oby\u010dejn\u00e9 a nudn\u00e9 v\u011bci","url":"https:\/\/www.adpp.cz\/nevnimejte-to-jako-obycejne-a-nudne-veci\/","datePublished":"2023-09-14","dateModified":"2023-09-14","mainEntityOfPage":"https:\/\/www.adpp.cz\/nevnimejte-to-jako-obycejne-a-nudne-veci\/","author":{"@type":"Person","@id":"https:\/\/www.adpp.cz\/author\/#Person","name":"","url":"https:\/\/www.adpp.cz\/author\/","identifier":1,"image":{"@type":"ImageObject","@id":"https:\/\/secure.gravatar.com\/avatar\/7b7a3ac09da7f6a75c5f1ebec5be454c22943a51b9f5595d89318ef09bd44dd1?s=96&d=mm&r=g","url":"https:\/\/secure.gravatar.com\/avatar\/7b7a3ac09da7f6a75c5f1ebec5be454c22943a51b9f5595d89318ef09bd44dd1?s=96&d=mm&r=g","height":96,"width":96}},"publisher":{"@type":"Organization","name":"adpp.cz","logo":{"@type":"ImageObject","@id":"\/logo.png","url":"\/logo.png","width":600,"height":60}},"image":null,"wordCount":271,"keywords":null},{"@type":"Article","@id":"https:\/\/www.adpp.cz\/vylepsete-sve-dovednosti\/","headline":"Vylep\u0161ete sv\u00e9 dovednosti","url":"https:\/\/www.adpp.cz\/vylepsete-sve-dovednosti\/","datePublished":"2023-08-09","dateModified":"2023-08-09","mainEntityOfPage":"https:\/\/www.adpp.cz\/vylepsete-sve-dovednosti\/","author":{"@type":"Person","@id":"https:\/\/www.adpp.cz\/author\/#Person","name":"","url":"https:\/\/www.adpp.cz\/author\/","identifier":1,"image":{"@type":"ImageObject","@id":"https:\/\/secure.gravatar.com\/avatar\/7b7a3ac09da7f6a75c5f1ebec5be454c22943a51b9f5595d89318ef09bd44dd1?s=96&d=mm&r=g","url":"https:\/\/secure.gravatar.com\/avatar\/7b7a3ac09da7f6a75c5f1ebec5be454c22943a51b9f5595d89318ef09bd44dd1?s=96&d=mm&r=g","height":96,"width":96}},"publisher":{"@type":"Organization","name":"adpp.cz","logo":{"@type":"ImageObject","@id":"\/logo.png","url":"\/logo.png","width":600,"height":60}},"image":null,"wordCount":275,"keywords":null},{"@type":"Article","@id":"https:\/\/www.adpp.cz\/advokat-v-evrope-profesionalni-pravni-pomoc\/","headline":"Advok\u00e1t v Evrop\u011b &#8211; profesion\u00e1ln\u00ed pr\u00e1vn\u00ed pomoc","url":"https:\/\/www.adpp.cz\/advokat-v-evrope-profesionalni-pravni-pomoc\/","datePublished":"2023-08-02","dateModified":"2023-08-07","mainEntityOfPage":"https:\/\/www.adpp.cz\/advokat-v-evrope-profesionalni-pravni-pomoc\/","author":{"@type":"Person","@id":"https:\/\/www.adpp.cz\/author\/#Person","name":"","url":"https:\/\/www.adpp.cz\/author\/","identifier":1,"image":{"@type":"ImageObject","@id":"https:\/\/secure.gravatar.com\/avatar\/7b7a3ac09da7f6a75c5f1ebec5be454c22943a51b9f5595d89318ef09bd44dd1?s=96&d=mm&r=g","url":"https:\/\/secure.gravatar.com\/avatar\/7b7a3ac09da7f6a75c5f1ebec5be454c22943a51b9f5595d89318ef09bd44dd1?s=96&d=mm&r=g","height":96,"width":96}},"publisher":{"@type":"Organization","name":"adpp.cz","logo":{"@type":"ImageObject","@id":"\/logo.png","url":"\/logo.png","width":600,"height":60}},"image":{"@type":"ImageObject","@id":"https:\/\/www.adpp.cz\/wp-content\/uploads\/justice_1JOswG.jpg","url":"https:\/\/www.adpp.cz\/wp-content\/uploads\/justice_1JOswG.jpg","height":0,"width":0},"wordCount":757,"keywords":null},{"@type":"Article","@id":"https:\/\/www.adpp.cz\/koureni-sisi\/","headline":"Kou\u0159en\u00ed \u0161\u00ed\u0161i","url":"https:\/\/www.adpp.cz\/koureni-sisi\/","datePublished":"2023-07-23","dateModified":"2024-04-23","mainEntityOfPage":"https:\/\/www.adpp.cz\/koureni-sisi\/","author":{"@type":"Person","@id":"https:\/\/www.adpp.cz\/author\/#Person","name":"","url":"https:\/\/www.adpp.cz\/author\/","identifier":1,"image":{"@type":"ImageObject","@id":"https:\/\/secure.gravatar.com\/avatar\/7b7a3ac09da7f6a75c5f1ebec5be454c22943a51b9f5595d89318ef09bd44dd1?s=96&d=mm&r=g","url":"https:\/\/secure.gravatar.com\/avatar\/7b7a3ac09da7f6a75c5f1ebec5be454c22943a51b9f5595d89318ef09bd44dd1?s=96&d=mm&r=g","height":96,"width":96}},"publisher":{"@type":"Organization","name":"adpp.cz","logo":{"@type":"ImageObject","@id":"\/logo.png","url":"\/logo.png","width":600,"height":60}},"image":{"@type":"ImageObject","@id":"https:\/\/www.adpp.cz\/wp-content\/uploads\/pexels-jruwa-3927573.jpg","url":"https:\/\/www.adpp.cz\/wp-content\/uploads\/pexels-jruwa-3927573.jpg","height":0,"width":0},"wordCount":840,"keywords":null},{"@type":"Article","@id":"https:\/\/www.adpp.cz\/babske-rady-ve-21-stoleti\/","headline":"Babsk\u00e9 rady ve 21. stolet\u00ed","url":"https:\/\/www.adpp.cz\/babske-rady-ve-21-stoleti\/","datePublished":"2023-07-01","dateModified":"2024-07-03","mainEntityOfPage":"https:\/\/www.adpp.cz\/babske-rady-ve-21-stoleti\/","author":{"@type":"Person","@id":"https:\/\/www.adpp.cz\/author\/#Person","name":"","url":"https:\/\/www.adpp.cz\/author\/","identifier":1,"image":{"@type":"ImageObject","@id":"https:\/\/secure.gravatar.com\/avatar\/7b7a3ac09da7f6a75c5f1ebec5be454c22943a51b9f5595d89318ef09bd44dd1?s=96&d=mm&r=g","url":"https:\/\/secure.gravatar.com\/avatar\/7b7a3ac09da7f6a75c5f1ebec5be454c22943a51b9f5595d89318ef09bd44dd1?s=96&d=mm&r=g","height":96,"width":96}},"publisher":{"@type":"Organization","name":"adpp.cz","logo":{"@type":"ImageObject","@id":"\/logo.png","url":"\/logo.png","width":600,"height":60}},"image":null,"wordCount":287,"keywords":null},{"@type":"Article","@id":"https:\/\/www.adpp.cz\/instalace-praktickych-prvku\/","headline":"Instalace praktick\u00fdch prvk\u016f","url":"https:\/\/www.adpp.cz\/instalace-praktickych-prvku\/","datePublished":"2023-05-12","dateModified":"2024-05-13","mainEntityOfPage":"https:\/\/www.adpp.cz\/instalace-praktickych-prvku\/","author":{"@type":"Person","@id":"https:\/\/www.adpp.cz\/author\/#Person","name":"","url":"https:\/\/www.adpp.cz\/author\/","identifier":1,"image":{"@type":"ImageObject","@id":"https:\/\/secure.gravatar.com\/avatar\/7b7a3ac09da7f6a75c5f1ebec5be454c22943a51b9f5595d89318ef09bd44dd1?s=96&d=mm&r=g","url":"https:\/\/secure.gravatar.com\/avatar\/7b7a3ac09da7f6a75c5f1ebec5be454c22943a51b9f5595d89318ef09bd44dd1?s=96&d=mm&r=g","height":96,"width":96}},"publisher":{"@type":"Organization","name":"adpp.cz","logo":{"@type":"ImageObject","@id":"\/logo.png","url":"\/logo.png","width":600,"height":60}},"image":null,"wordCount":246,"keywords":null}]},{"@context":"https:\/\/schema.org","@type":"WebSite","@id":"https:\/\/www.adpp.cz\/#website","name":"Adpp","url":"https:\/\/www.adpp.cz","potentialAction":{"@type":"SearchAction","target":"https:\/\/www.adpp.cz\/?s={search_term_string}","query-input":"required name=search_term_string"}}]