[{"@context":"https:\/\/schema.org\/","@type":"Article","@id":"https:\/\/www.adpp.cz\/lustry-v-obyvacim-pokoji\/#Article","mainEntityOfPage":"https:\/\/www.adpp.cz\/lustry-v-obyvacim-pokoji\/","headline":"Lustry v ob\u00fdvac\u00edm pokoji","name":"Lustry v ob\u00fdvac\u00edm pokoji","description":"Koupili jste si nov\u00fd byt \u010di d\u016fm a m\u011bli byste z\u00e1jem o kvalitn\u00ed, modern\u00ed vybaven\u00ed","datePublished":"2022-05-30","dateModified":"2023-05-03","author":{"@type":"Person","@id":"https:\/\/www.adpp.cz\/author\/#Person","name":"","url":"https:\/\/www.adpp.cz\/author\/","identifier":1,"image":{"@type":"ImageObject","@id":"https:\/\/secure.gravatar.com\/avatar\/7b7a3ac09da7f6a75c5f1ebec5be454c22943a51b9f5595d89318ef09bd44dd1?s=96&d=mm&r=g","url":"https:\/\/secure.gravatar.com\/avatar\/7b7a3ac09da7f6a75c5f1ebec5be454c22943a51b9f5595d89318ef09bd44dd1?s=96&d=mm&r=g","height":96,"width":96}},"publisher":{"@type":"Organization","name":"adpp.cz","logo":{"@type":"ImageObject","@id":"\/logo.png","url":"\/logo.png","width":600,"height":60}},"image":{"@type":"ImageObject","@id":"https:\/\/www.adpp.cz\/wp-content\/uploads\/lustr%20do%20ob%C3%BDv%C3%A1ku.jpg","url":"https:\/\/www.adpp.cz\/wp-content\/uploads\/lustr%20do%20ob%C3%BDv%C3%A1ku.jpg","height":0,"width":0},"url":"https:\/\/www.adpp.cz\/lustry-v-obyvacim-pokoji\/","about":["N\u00e1kupy"],"wordCount":400,"articleBody":"        Koupili jste si nov\u00fd byt \u010di d\u016fm a m\u011bli byste z\u00e1jem o kvalitn\u00ed, modern\u00ed vybaven\u00ed tak, aby v\u0161echny prvky v interi\u00e9ru ladily? Odk\u00e1zal v\u00e1m n\u011bkdo byt anebo jste ho koupily, chcete ho rekonstruovat a n\u00e1sledn\u011b pronaj\u00edmat? Pot\u0159ebujete poradit, jak vybavit v\u00e1\u0161 interi\u00e9r? Nejd\u016fle\u017eit\u011bj\u0161\u00ed z cel\u00e9ho va\u0161eho domu \u010di bytu je pokoj, ve kter\u00e9m tr\u00e1v\u00ed n\u00e1v\u0161t\u011bva anebo va\u0161e rodina nejv\u00edce spole\u010dn\u00e9ho \u010dasu. Ano, je to ob\u00fdvac\u00ed pokoj. Je docela slo\u017eit\u00e9 vymyslet, koupit a sestavit jeho vybaven\u00ed tak, aby se rodina a n\u00e1v\u0161t\u011bva c\u00edtily jako doma, \u00fatuln\u011b a pohodln\u011b. Do tohoto pokoje m\u00e1te mnoho mo\u017enost\u00ed vybrat to prav\u00e9 vybaven\u00ed a jeho dopl\u0148ky, kter\u00e9 jsou velmi d\u016fle\u017eit\u00e9 proto, abyste se v tomto pokoji c\u00edtili dob\u0159e. Ani\u017e by se mohlo zd\u00e1t, tak i t\u011bchto mal\u00fdch dopl\u0148ku si pr\u00e1v\u011b va\u0161i bl\u00edzc\u00ed v\u0161imnou. Pod\u00edvaj\u00ed se na barvu, velikost, design a srovnaj\u00ed tyto dopl\u0148ky s celkov\u00fdm interi\u00e9rem, a hned si vytvo\u0159\u00ed sv\u016fj dojem a pocity. Jedn\u00edm z t\u011bchto dopl\u0148k\u016f b\u00fdvaj\u00ed pr\u00e1v\u011b lustry.Podle \u010deho si m\u016f\u017eeme lustry do ob\u00fdv\u00e1ku vyb\u00edrat?Lustry do ob\u00fdvac\u00edho pokoje m\u016f\u017eeme vyb\u00edrat dle n\u00e1sleduj\u00edc\u00edch krit\u00e9ri\u00ed:&#8211; Podle materi\u00e1lu: Lustry mohou b\u00fdt vyrobeny z mnoha materi\u00e1l\u016f, jako jsou nap\u0159\u00edklad: d\u0159evo, keramika, kov, sklo, textil, plast a jejich vz\u00e1jemnou kombinac\u00ed. St\u00ednidla jsou takt\u00e9\u017e vyrobena z t\u011bchto materi\u00e1l\u016f nebo jejich kombinac\u00ed.&#8211; Podle sv\u011btla: V\u00fdb\u011br tak\u00e9 prov\u00e1d\u00edme na z\u00e1klad\u011b pot\u0159eby sv\u011btla. M\u016f\u017eeme vyb\u00edrat lustry s jednou \u017e\u00e1rovkou nebo v\u00edce \u017e\u00e1rovkami. &#8211; Podle tvaru: M\u016f\u017eeme si vybrat tvar lampy: kulat\u00fd, obd\u00e9ln\u00edkov\u00fd anebo \u010dtvercov\u00fd&#8211; Podle \u0161\u00ed\u0159ky, pr\u016fm\u011bru&#8211; Podle zp\u016fsobu mont\u00e1\u017ee: p\u0159isazen\u00e9 ke stropu nebo z\u00e1v\u011bsn\u00e9&#8211; Podle typu mont\u00e1\u017ee: h\u00e1k, mont\u00e1\u017en\u00ed li\u0161taNev\u00e1hejte a po\u0159i\u010fte si designov\u00fd lustr do ob\u00fdv\u00e1ku, kter\u00fd ocen\u00ed a bude obdivovat va\u0161e rodina, p\u0159\u00e1tel\u00e9 a dal\u0161\u00ed bl\u00edzc\u00ed. Tento designov\u00fd lustr do ob\u00fdv\u00e1ku rozz\u00e1\u0159\u00ed nejen v\u00e1\u0161 ob\u00fdv\u00e1k, ale i v\u00e1\u0161 \u00fasm\u011bv!                                                                                                                                                                                                                                                                                                                                                                                         3.7\/5 - (4 votes)        "},{"@context":"https:\/\/schema.org\/","@type":"BreadcrumbList","itemListElement":[{"@type":"ListItem","position":1,"name":"Lustry v ob\u00fdvac\u00edm pokoji","item":"https:\/\/www.adpp.cz\/lustry-v-obyvacim-pokoji\/#breadcrumbitem"}]}]