[{"@context":"https:\/\/schema.org\/","@type":"Article","@id":"https:\/\/www.adpp.cz\/doprejte-svym-pokojum-osobite-reseni\/#Article","mainEntityOfPage":"https:\/\/www.adpp.cz\/doprejte-svym-pokojum-osobite-reseni\/","headline":"Dop\u0159ejte sv\u00fdm pokoj\u016fm osobit\u00e9 \u0159e\u0161en\u00ed","name":"Dop\u0159ejte sv\u00fdm pokoj\u016fm osobit\u00e9 \u0159e\u0161en\u00ed","description":"S vestav\u011bn\u00fdmi sk\u0159\u00edn\u011bmi Praha z\u00edsk\u00e1te \u00fa\u017easn\u00e9 praktick\u00e9 a design\u00e9rsk\u00e9 \u0159e\u0161en\u00ed Va\u0161eho bytu. A\u017e si prostudujete","datePublished":"2024-11-22","dateModified":"2024-11-22","author":{"@type":"Person","@id":"https:\/\/www.adpp.cz\/author\/#Person","name":"","url":"https:\/\/www.adpp.cz\/author\/","identifier":1,"image":{"@type":"ImageObject","@id":"https:\/\/secure.gravatar.com\/avatar\/7b7a3ac09da7f6a75c5f1ebec5be454c22943a51b9f5595d89318ef09bd44dd1?s=96&d=mm&r=g","url":"https:\/\/secure.gravatar.com\/avatar\/7b7a3ac09da7f6a75c5f1ebec5be454c22943a51b9f5595d89318ef09bd44dd1?s=96&d=mm&r=g","height":96,"width":96}},"publisher":{"@type":"Organization","name":"adpp.cz","logo":{"@type":"ImageObject","@id":"\/logo.png","url":"\/logo.png","width":600,"height":60}},"url":"https:\/\/www.adpp.cz\/doprejte-svym-pokojum-osobite-reseni\/","wordCount":191,"articleBody":"\tS vestav\u011bn\u00fdmi sk\u0159\u00edn\u011bmi Praha z\u00edsk\u00e1te \u00fa\u017easn\u00e9 praktick\u00e9 a design\u00e9rsk\u00e9 \u0159e\u0161en\u00ed Va\u0161eho bytu. A\u017e si prostudujete nab\u00eddku, budete patrn\u011b zasko\u010deni a nebudete si jisti v jak\u00e9m duchu si n\u00e1bytek nech\u00e1te vyrobit, proto\u017ee nab\u00eddka i mo\u017enosti V\u00e1s zkr\u00e1tka ohrom\u00ed. Netrapte se t\u00edm a dovolte si ten luxus, aby ka\u017ed\u00e1 m\u00edstnost Va\u0161eho bytu poskytovala osobit\u00e9 \u0159e\u0161en\u00ed.\tNebojte se odli\u0161nostiNen\u00ed t\u0159eba, aby jednotliv\u00e9 pokoje ladili (i kdy\u017e kombinace supermoderna a rustik\u00e1ln\u00ed styl by se asi k sob\u011b p\u0159\u00edli\u0161 nehodili). Jste sice rodina, ale z\u00e1rove\u0148 ka\u017ed\u00fd jeden z V\u00e1s m\u00e1 svou vlastn\u00ed jedine\u010dnou osobnost a p\u0159im\u011b\u0159en\u011b tomu i jedine\u010dn\u00fd vkus. Proto se nebojte odli\u0161n\u00e9ho \u0159e\u0161en\u00ed jednotliv\u00fdch m\u00edstnost\u00ed. Asi jinou sk\u0159\u00ed\u0148 si zvol\u00ed Va\u0161e dcera a jinou V\u00e1\u0161 syn. Zcela odli\u0161n\u00e9 \u0159e\u0161en\u00ed si vy\u017e\u00e1d\u00e1 Va\u0161e lo\u017enice nebo p\u0159eds\u00ed\u0148, kter\u00e1 sice nen\u00ed ob\u00fdv\u00e1na, ale i volba jej\u00edho interi\u00e9ru zve n\u00e1v\u0161t\u011bvu dovnit\u0159.                                                                                                                                                                                                                                                                                                                                                                                        5\/5 - (2 votes)        "},{"@context":"https:\/\/schema.org\/","@type":"BreadcrumbList","itemListElement":[{"@type":"ListItem","position":1,"name":"Dop\u0159ejte sv\u00fdm pokoj\u016fm osobit\u00e9 \u0159e\u0161en\u00ed","item":"https:\/\/www.adpp.cz\/doprejte-svym-pokojum-osobite-reseni\/#breadcrumbitem"}]}]