[{"@context":"https:\/\/schema.org\/","@type":"Article","@id":"https:\/\/www.adpp.cz\/designove-zabradli\/#Article","mainEntityOfPage":"https:\/\/www.adpp.cz\/designove-zabradli\/","headline":"Designov\u00e9 z\u00e1bradl\u00ed","name":"Designov\u00e9 z\u00e1bradl\u00ed","description":"Kdy\u017e jsem si s p\u0159\u00edtelem u\u017e kone\u010dn\u011b za\u0159izovala n\u00e1\u0161 interi\u00e9r, tak jsem st\u00e1le p\u0159em\u00fd\u0161lela, jak\u00e9","datePublished":"2023-02-24","dateModified":"2024-02-01","author":{"@type":"Person","@id":"https:\/\/www.adpp.cz\/author\/#Person","name":"","url":"https:\/\/www.adpp.cz\/author\/","identifier":1,"image":{"@type":"ImageObject","@id":"https:\/\/secure.gravatar.com\/avatar\/7b7a3ac09da7f6a75c5f1ebec5be454c22943a51b9f5595d89318ef09bd44dd1?s=96&d=mm&r=g","url":"https:\/\/secure.gravatar.com\/avatar\/7b7a3ac09da7f6a75c5f1ebec5be454c22943a51b9f5595d89318ef09bd44dd1?s=96&d=mm&r=g","height":96,"width":96}},"publisher":{"@type":"Organization","name":"adpp.cz","logo":{"@type":"ImageObject","@id":"\/logo.png","url":"\/logo.png","width":600,"height":60}},"image":{"@type":"ImageObject","@id":"https:\/\/www.adpp.cz\/wp-content\/uploads\/stairs-839307_960_720_1.jpg","url":"https:\/\/www.adpp.cz\/wp-content\/uploads\/stairs-839307_960_720_1.jpg","height":0,"width":0},"url":"https:\/\/www.adpp.cz\/designove-zabradli\/","about":["Business"],"wordCount":451,"articleBody":"   Kdy\u017e jsem si s p\u0159\u00edtelem u\u017e kone\u010dn\u011b za\u0159izovala n\u00e1\u0161 interi\u00e9r, tak jsem st\u00e1le p\u0159em\u00fd\u0161lela, jak\u00e9 si tam d\u00e1me z\u00e1bradl\u00ed anebo schodi\u0161t\u011b. J\u00e1 jsem toti\u017e opravdu hodn\u011b n\u00e1ro\u010dn\u00e1 na to, jak\u00fd m\u00e1me doma interi\u00e9r, cht\u011bla jsem m\u00edt v\u0161echno podle posledn\u00ed m\u00f3dy. Jenom\u017ee kdy\u017e jsem tohle \u0159ekla sv\u00e9mu p\u0159\u00edteli, tak na m\u011b jenom zvl\u00e1\u0161t\u011b koukal, proto\u017ee on s\u00e1m dob\u0159e v\u011bd\u011bl, \u017ee v\u0161echno podle posledn\u00ed m\u00f3dy je velice drah\u00e9. Tohle sice ch\u00e1pu a d\u00e1v\u00e1m mu samoz\u0159ejm\u011b za pravdu, proto\u017ee j\u00e1 sama to zn\u00e1m. J\u00e1 rozum\u00edm tomu, \u017ee v\u017edycky co je modern\u00ed a nov\u00e9, tak to je samoz\u0159ejm\u011b drah\u00e9.Jenom\u017ee kdy\u017e se jedn\u00e1 o interi\u00e9r dom\u016f anebo byt\u016f, tak p\u0159ece to znamen\u00e1, \u017ee tam bude n\u011bco opravdu v\u00edcelet\u00e9 a nen\u00ed to jenom jednor\u00e1zov\u00e1 z\u00e1le\u017eitost. P\u0159eci kdy\u017e si po\u0159\u00edd\u00edm d\u016fm, tak to znamen\u00e1, \u017ee ho m\u00e1m t\u0159eba na v\u00edce jak 10 nebo 20 let. J\u00e1 jsem toti\u017e cht\u011bla takov\u00e9 sklen\u011bn\u00e9 z\u00e1bradl\u00ed, kter\u00e9 jsem vid\u011bla u sv\u00e9 kamar\u00e1dky. Mus\u00edm ale s pravdou ven, \u017ee d\u0159\u00edve jsem cht\u011bla jenom plastov\u00e9 z\u00e1bradl\u00ed, kter\u00e9 se opravdu lehce udr\u017euje a kter\u00fd je taky na webov\u00e9 str\u00e1nce kmdesign.cz. Jenom\u017ee na t\u00e9to webov\u00e9 str\u00e1nce jsem si tak\u00e9 v\u0161imla, \u017ee maj\u00ed opravdu kr\u00e1sn\u00e9 sklen\u011bn\u00e9 z\u00e1bradl\u00ed.\u0158ekla jsem si, \u017ee kdy\u017e to m\u00e1 moje kamar\u00e1dka, \u017ee bych to mohla m\u00edt tak\u00e9. P\u0159\u00edtele chv\u00edli v\u00e1hal, nakonec tedy \u0159ekl, \u017ee a\u0165 si vyberu z\u00e1bradl\u00ed sama, proto\u017ee on stejn\u011b nen\u00ed \u010dasto doma, p\u0159\u00edtel m\u00e1 opravdu velice n\u00e1ro\u010dnou pr\u00e1ci, kter\u00e1 mu zaberte skoro v\u0161echen voln\u00fd \u010das. Ta \u017ee nakonec to dopadlo tak, jak jsem si p\u0159\u00e1la. A m\u00e1me sklen\u011bn\u00e9 z\u00e1bradl\u00ed, kter\u00e9 n\u00e1m vede z ob\u00fdv\u00e1ku do lo\u017enice a jsem s n\u00edm nadm\u00edru spokojen\u00e1. Samoz\u0159ejm\u011b, \u017ee sklen\u011bn\u00e9 z\u00e1bradl\u00ed se mus\u00ed tak\u00e9 v\u00edce udr\u017eovat a le\u0161tit, ale stoj\u00ed to opravdu za to. Tak\u00e9 jsem sly\u0161ela, \u017ee sklen\u011bn\u00e9 z\u00e1bradl\u00ed Kmkdesign vypad\u00e1 v\u00edce elegantn\u011b. Sama jsem tohle p\u0159\u00edteli \u0159ekla a on \u0159ekl, \u017ee kdy\u017e je sklen\u011bn\u00e9 z\u00e1bradl\u00ed pro m\u011b tak d\u016fle\u017eit\u00e9, \u017ee ho po\u0159\u00edd\u00edme. A sv\u011bte div se, sklen\u011bn\u00e9 z\u00e1bradl\u00ed ani nest\u00e1lo moc pen\u011bz. tak\u017ee n\u00e1m z na\u0161eho rozpo\u010dtu je\u0161t\u011b dost zbylo.                                                                                                                                                                                                                                                                                                                                                                                           3.7\/5 - (3 votes)        "},{"@context":"https:\/\/schema.org\/","@type":"BreadcrumbList","itemListElement":[{"@type":"ListItem","position":1,"name":"Designov\u00e9 z\u00e1bradl\u00ed","item":"https:\/\/www.adpp.cz\/designove-zabradli\/#breadcrumbitem"}]}]