[{"@context":"https:\/\/schema.org\/","@type":"Article","@id":"https:\/\/www.adpp.cz\/chorvatsko-stihnete-more-prirodu-i-pamatky\/#Article","mainEntityOfPage":"https:\/\/www.adpp.cz\/chorvatsko-stihnete-more-prirodu-i-pamatky\/","headline":"Chorvatsko: stihnete mo\u0159e, p\u0159\u00edrodu i pam\u00e1tky","name":"Chorvatsko: stihnete mo\u0159e, p\u0159\u00edrodu i pam\u00e1tky","description":"Pokud je o v\u00e1\u0161 p\u0159\u00edpad, zami\u0159te do Chorvatska klidn\u011b v z\u00e1\u0159\u00ed. By\u0165 u\u017e plat\u00ed, \u017ee","datePublished":"2025-03-04","dateModified":"2023-05-03","author":{"@type":"Person","@id":"https:\/\/www.adpp.cz\/author\/#Person","name":"","url":"https:\/\/www.adpp.cz\/author\/","identifier":1,"image":{"@type":"ImageObject","@id":"https:\/\/secure.gravatar.com\/avatar\/7b7a3ac09da7f6a75c5f1ebec5be454c22943a51b9f5595d89318ef09bd44dd1?s=96&d=mm&r=g","url":"https:\/\/secure.gravatar.com\/avatar\/7b7a3ac09da7f6a75c5f1ebec5be454c22943a51b9f5595d89318ef09bd44dd1?s=96&d=mm&r=g","height":96,"width":96}},"publisher":{"@type":"Organization","name":"adpp.cz","logo":{"@type":"ImageObject","@id":"\/logo.png","url":"\/logo.png","width":600,"height":60}},"image":{"@type":"ImageObject","@id":"https:\/\/www.adpp.cz\/wp-content\/uploads\/img_a302337_w2344_t1512245303.jpg","url":"https:\/\/www.adpp.cz\/wp-content\/uploads\/img_a302337_w2344_t1512245303.jpg","height":0,"width":0},"url":"https:\/\/www.adpp.cz\/chorvatsko-stihnete-more-prirodu-i-pamatky\/","wordCount":428,"articleBody":"Pokud je o v\u00e1\u0161 p\u0159\u00edpad, zami\u0159te do Chorvatska klidn\u011b v z\u00e1\u0159\u00ed. By\u0165 u\u017e plat\u00ed, \u017ee po\u010das\u00ed je p\u0159ece jen m\u00e9n\u011b st\u00e1l\u00e9 ne\u017e v letn\u00edch m\u011bs\u00edc\u00edch. Hodn\u011b v\u0161ak z\u00e1le\u017e\u00ed na m\u00edst\u011b, kam vyraz\u00edte. Zda na sever, na Istrii, na st\u0159edn\u00ed \u010d\u00e1st pob\u0159e\u017e\u00ed (Split) \u010di a\u017e na jih, sm\u011brem k Dubrovn\u00edku. Ov\u0161em i p\u0159es ur\u010dit\u00e9 v\u00fdkyvy se pr\u016fm\u011brn\u00e1 teplota vzduchu v prvn\u00ed polovin\u011b m\u011bs\u00edce pohybuje kolem 25 a\u017e 28 \u00b0C a mo\u0159e m\u00e1 asi 22 a\u017e 24 \u00b0C.  Z\u00e1pad poloostrova Istrie  V cel\u00e9m Chorvatsku je spousta pl\u00e1\u017e\u00ed, kter\u00e9 se m\u016f\u017eou pochlubit Modrou vlajkou (symbol \u010distoty na pl\u00e1\u017e\u00edch a koup\u00e1n\u00ed v mo\u0159i). Z mnoha zaj\u00edmav\u00fdch m\u00edst z\u00e1padn\u00ed \u010d\u00e1sti poloostrova si p\u0159ipome\u0148me p\u0159\u00edstavn\u00ed m\u011bsta Umag, Pore\u010d, Rovinj a Pulu. Umagu se p\u0159ezd\u00edv\u00e1 m\u011bsto tenisu, proto\u017ee v n\u011bm \u010di bl\u00edzk\u00e9m okol\u00ed najdete spoustu kurt\u016f. Kdybyste v\u0161ak bydleli v Pore\u010di a okol\u00ed, dosp\u011bl\u00ed by si nem\u011bli nechat uj\u00edt pozoruhodnou Eufraziovu baziliku poch\u00e1zej\u00edc\u00ed patrn\u011b ze 6. stolet\u00ed (je na Seznamu sv\u011btov\u00e9ho kulturn\u00edho d\u011bdictv\u00ed UNESCO) a d\u011bti zase zdej\u0161\u00ed aquapark. Je\u0161t\u011b o n\u011bco n\u00ed\u017ee le\u017e\u00ed Rovinj, velmi vyhled\u00e1van\u00e9 romantick\u00e9 m\u00edsto, kter\u00e9 se jist\u011b ne nadarmo p\u0159irovn\u00e1v\u00e1 k italsk\u00fdm Ben\u00e1tk\u00e1m. A t\u00e9m\u011b\u0159 na jihu se rozkl\u00e1d\u00e1 Pula, jej\u00edmu\u017e historick\u00e9mu centru v\u00e9vod\u00ed \u0159\u00edmsk\u00fd amfite\u00e1tr, kter\u00fd pat\u0159\u00ed k t\u011bm v\u016fbec nejzachovalej\u0161\u00edm.  Kvarnersk\u00e9 ostrovy  Ji\u017en\u011b od Rijeky se nab\u00edz\u00ed \u0159ada dal\u0161\u00edch potenci\u00e1ln\u00edch dovolenkov\u00fdch destinac\u00ed v podob\u011b n\u011bkolika ostrov\u016f. Nejsevern\u011bji le\u017e\u00ed Krk, nejji\u017en\u011bji Pag a mezi nimi se rozprost\u00edraj\u00ed Cres a Rab. Krom\u011b pl\u00e1\u017e\u00ed se m\u016f\u017eete t\u011b\u0161it na nefal\u0161ovanou atmosf\u00e9ru st\u0159edov\u011bk\u00fdch m\u011bste\u010dek. Na Krk vede most u\u017e 37 let, v dob\u011b sv\u00e9ho vzniku byl v\u0161ak velmi cen\u011bn\u00fd a dodnes p\u0159edstavuje jeden z nej\u010dast\u011bji fotografovan\u00fdch objekt\u016f. Tento ostrov pat\u0159\u00ed mezi obl\u00edben\u00e9 c\u00edle hlavn\u011b d\u00edky p\u00eds\u010dit\u00fdm pl\u00e1\u017e\u00edm, kter\u00fdch v Chorvatsku nen\u00ed a\u017e tak mnoho. A pro\u010d vyrazit na Pag? T\u0159eba kv\u016fli ov\u010d\u00edmu s\u00fdru (pa\u0161ki sir), soli (tradice z\u00edsk\u00e1v\u00e1n\u00ed soli z mo\u0159e sah\u00e1 a\u017e do antiky) nebo v\u00fdrobk\u016fm zru\u010dn\u00fdch krajk\u00e1\u0159ek.                                                                                                                                                                                                                                                                                                                                                                                         4.5\/5 - (8 votes)        "},{"@context":"https:\/\/schema.org\/","@type":"BreadcrumbList","itemListElement":[{"@type":"ListItem","position":1,"name":"Chorvatsko: stihnete mo\u0159e, p\u0159\u00edrodu i pam\u00e1tky","item":"https:\/\/www.adpp.cz\/chorvatsko-stihnete-more-prirodu-i-pamatky\/#breadcrumbitem"}]}]